{"id":28819,"date":"2024-03-25T16:43:22","date_gmt":"2024-03-25T07:43:22","guid":{"rendered":"https:\/\/www.sena.com\/stories\/people\/lcr-honda\/"},"modified":"2026-03-09T14:13:11","modified_gmt":"2026-03-09T05:13:11","slug":"lcr-honda","status":"publish","type":"post_people","link":"https:\/\/www.sena.com\/es\/stories\/people\/lcr-honda\/","title":{"rendered":"LCR Honda"},"content":{"rendered":"\n<p>Sena se une al equipo LCR Honda junto a <a href=\"https:\/\/zarco.lcr.mc\/\">Johann Zarco<\/a> y est\u00e1 listo para las pistas del Campeonato Mundial de MotoGP 2024.<\/p>\n\n\n\n<p><a href=\"https:\/\/www.lcr.mc\/\">LCR Honda<\/a> es un equipo de motociclistas que participan en el Campeonato del Mundo de MotoGP. El equipo LCR Honda est\u00e1 dirigido por Lucio Cecchinello, ex piloto de 125cc, que fund\u00f3 el equipo LCR (Lucio Cecchinello Racing) en 1996 y que lo hizo crecer hasta convertirse en lo que es hoy. El equipo LCR ha pasado de la categor\u00eda de 125cc a la de 250cc y ha competido en la categor\u00eda MotoGP\u2122 desde 2006. Hasta ahora, el equipo en su conjunto ha visto 85 podios, 24 victorias y 26 pole positions.<\/p>\n\n\n\n<p>Esta temporada el equipo de Lucio Cecchinello apuesta a dos pilotos de gran talento, Alex M\u00e1rquez y Takaaki Nakagami. Alex M\u00e1rquez corre para el equipo LCR Honda CASTROL con su Honda RC213V #73. Junto a \u00e9l, Takaaki Nakagami pilotar\u00e1 su Honda RC213V #30 para el equipo LCR Honda IDEMITSU. Ambas motos tienen un motor V4 de 1.000 cc, refrigerado por l\u00edquido, de 4 v\u00e1lvulas DOHC con v\u00e1lvulas neum\u00e1ticas y una transmisi\u00f3n de 6 velocidades. Nos espera una gran temporada.<\/p>\n\n\n\n<div class=\"wp-block-buttons is-layout-flex wp-block-buttons-is-layout-flex\">\n<div class=\"wp-block-button is-style-outline\"><a class=\"wp-block-button__link wp-element-button\" href=\"https:\/\/www.lcr.mc\/\"><strong><strong>Visita el sitio web<\/strong><\/strong><\/a><\/div>\n<\/div>\n\n\n\n<figure class=\"wp-block-gallery has-nested-images columns-default is-cropped wp-block-gallery-2 is-layout-flex wp-block-gallery-is-layout-flex\">\n<figure class=\"wp-block-image size-large\"><img decoding=\"async\" loading=\"lazy\" width=\"1024\" height=\"683\" data-id=\"31752\" src=\"https:\/\/www.sena.com\/wp-content\/uploads\/2023\/12\/LCR-Honda_gallery_2_2024-1024x683.jpg\" alt=\"\" class=\"wp-image-31752\" srcset=\"https:\/\/www.sena.com\/wp-content\/uploads\/2023\/12\/LCR-Honda_gallery_2_2024-1024x683.jpg 1024w, https:\/\/www.sena.com\/wp-content\/uploads\/2023\/12\/LCR-Honda_gallery_2_2024-300x200.jpg 300w, https:\/\/www.sena.com\/wp-content\/uploads\/2023\/12\/LCR-Honda_gallery_2_2024-768x512.jpg 768w, https:\/\/www.sena.com\/wp-content\/uploads\/2023\/12\/LCR-Honda_gallery_2_2024.jpg 1200w\" sizes=\"(max-width: 1024px) 100vw, 1024px\" \/><\/figure>\n\n\n\n<figure class=\"wp-block-image size-large\"><img decoding=\"async\" loading=\"lazy\" width=\"1024\" height=\"683\" data-id=\"31744\" src=\"https:\/\/www.sena.com\/wp-content\/uploads\/2023\/12\/LCR-Honda_gallery_4_2024-1024x683.jpg\" alt=\"\" class=\"wp-image-31744\" srcset=\"https:\/\/www.sena.com\/wp-content\/uploads\/2023\/12\/LCR-Honda_gallery_4_2024-1024x683.jpg 1024w, https:\/\/www.sena.com\/wp-content\/uploads\/2023\/12\/LCR-Honda_gallery_4_2024-300x200.jpg 300w, https:\/\/www.sena.com\/wp-content\/uploads\/2023\/12\/LCR-Honda_gallery_4_2024-768x512.jpg 768w, https:\/\/www.sena.com\/wp-content\/uploads\/2023\/12\/LCR-Honda_gallery_4_2024.jpg 1200w\" sizes=\"(max-width: 1024px) 100vw, 1024px\" \/><\/figure>\n\n\n\n<figure class=\"wp-block-image size-large\"><img decoding=\"async\" loading=\"lazy\" width=\"1024\" height=\"683\" data-id=\"31760\" src=\"https:\/\/www.sena.com\/wp-content\/uploads\/2023\/12\/LCR-Honda_gallery_1_2024-1024x683.jpg\" alt=\"\" class=\"wp-image-31760\" srcset=\"https:\/\/www.sena.com\/wp-content\/uploads\/2023\/12\/LCR-Honda_gallery_1_2024-1024x683.jpg 1024w, https:\/\/www.sena.com\/wp-content\/uploads\/2023\/12\/LCR-Honda_gallery_1_2024-300x200.jpg 300w, https:\/\/www.sena.com\/wp-content\/uploads\/2023\/12\/LCR-Honda_gallery_1_2024-768x512.jpg 768w, https:\/\/www.sena.com\/wp-content\/uploads\/2023\/12\/LCR-Honda_gallery_1_2024.jpg 1200w\" sizes=\"(max-width: 1024px) 100vw, 1024px\" \/><\/figure>\n\n\n\n<figure class=\"wp-block-image size-large\"><img decoding=\"async\" loading=\"lazy\" width=\"1024\" height=\"683\" data-id=\"31768\" src=\"https:\/\/www.sena.com\/wp-content\/uploads\/2023\/12\/LCR-Honda_gallery_3_2024-1024x683.jpg\" alt=\"\" class=\"wp-image-31768\" srcset=\"https:\/\/www.sena.com\/wp-content\/uploads\/2023\/12\/LCR-Honda_gallery_3_2024-1024x683.jpg 1024w, https:\/\/www.sena.com\/wp-content\/uploads\/2023\/12\/LCR-Honda_gallery_3_2024-300x200.jpg 300w, https:\/\/www.sena.com\/wp-content\/uploads\/2023\/12\/LCR-Honda_gallery_3_2024-768x512.jpg 768w, https:\/\/www.sena.com\/wp-content\/uploads\/2023\/12\/LCR-Honda_gallery_3_2024.jpg 1200w\" sizes=\"(max-width: 1024px) 100vw, 1024px\" \/><\/figure>\n<\/figure>\n","protected":false},"featured_media":31736,"template":"","acf":[],"yoast_head":"<!-- This site is optimized with the Yoast SEO Premium plugin v22.3 (Yoast SEO v22.3) - https:\/\/yoast.com\/wordpress\/plugins\/seo\/ -->\n<title>Sena se asocia con LCR Honda que compite en MotoGP 2024 - SENA<\/title>\n<meta name=\"description\" content=\"Sena se une al equipo LCR Honda junto a Johann Zarco y est\u00e1 listo para las pistas del Campeonato Mundial de MotoGP 2024.\" \/>\n<meta name=\"robots\" content=\"index, follow, max-snippet:-1, max-image-preview:large, max-video-preview:-1\" \/>\n<link rel=\"canonical\" href=\"https:\/\/www.sena.com\/es\/stories\/people\/lcr-honda\/\" \/>\n<meta property=\"og:locale\" content=\"es_ES\" \/>\n<meta property=\"og:type\" content=\"article\" \/>\n<meta property=\"og:title\" content=\"LCR Honda\" \/>\n<meta property=\"og:description\" content=\"Sena se une al equipo LCR Honda junto a Johann Zarco y est\u00e1 listo para las pistas del Campeonato Mundial de MotoGP 2024.\" \/>\n<meta property=\"og:url\" content=\"https:\/\/www.sena.com\/es\/stories\/people\/lcr-honda\/\" \/>\n<meta property=\"og:site_name\" content=\"SENA\" \/>\n<meta property=\"article:publisher\" content=\"https:\/\/www.facebook.com\/SenaBluetooth\" \/>\n<meta property=\"article:modified_time\" content=\"2026-03-09T05:13:11+00:00\" \/>\n<meta property=\"og:image\" content=\"https:\/\/admin.sena.com\/wp-content\/uploads\/2023\/12\/LCR-Honda_preview_2024.jpg\" \/>\n\t<meta property=\"og:image:width\" content=\"470\" \/>\n\t<meta property=\"og:image:height\" content=\"470\" \/>\n\t<meta property=\"og:image:type\" content=\"image\/jpeg\" \/>\n<meta name=\"twitter:card\" content=\"summary_large_image\" \/>\n<meta name=\"twitter:site\" content=\"@senabluetooth\" \/>\n<meta name=\"twitter:label1\" content=\"Est. reading time\" \/>\n\t<meta name=\"twitter:data1\" content=\"2 minutes\" \/>\n<script type=\"application\/ld+json\" class=\"yoast-schema-graph\">{\"@context\":\"https:\/\/schema.org\",\"@graph\":[{\"@type\":\"WebPage\",\"@id\":\"https:\/\/www.sena.com\/es\/stories\/people\/lcr-honda\/\",\"url\":\"https:\/\/www.sena.com\/es\/stories\/people\/lcr-honda\/\",\"name\":\"Sena se asocia con LCR Honda que compite en MotoGP 2024 - SENA\",\"isPartOf\":{\"@id\":\"https:\/\/www.sena.com\/#website\"},\"primaryImageOfPage\":{\"@id\":\"https:\/\/www.sena.com\/es\/stories\/people\/lcr-honda\/#primaryimage\"},\"image\":{\"@id\":\"https:\/\/www.sena.com\/es\/stories\/people\/lcr-honda\/#primaryimage\"},\"thumbnailUrl\":\"https:\/\/www.sena.com\/wp-content\/uploads\/2023\/12\/LCR-Honda_preview_2024.jpg\",\"datePublished\":\"2024-03-25T07:43:22+00:00\",\"dateModified\":\"2026-03-09T05:13:11+00:00\",\"description\":\"Sena se une al equipo LCR Honda junto a Johann Zarco y est\u00e1 listo para las pistas del Campeonato Mundial de MotoGP 2024.\",\"breadcrumb\":{\"@id\":\"https:\/\/www.sena.com\/es\/stories\/people\/lcr-honda\/#breadcrumb\"},\"inLanguage\":\"es-ES\",\"potentialAction\":[{\"@type\":\"ReadAction\",\"target\":[\"https:\/\/www.sena.com\/es\/stories\/people\/lcr-honda\/\"]}]},{\"@type\":\"ImageObject\",\"inLanguage\":\"es-ES\",\"@id\":\"https:\/\/www.sena.com\/es\/stories\/people\/lcr-honda\/#primaryimage\",\"url\":\"https:\/\/www.sena.com\/wp-content\/uploads\/2023\/12\/LCR-Honda_preview_2024.jpg\",\"contentUrl\":\"https:\/\/www.sena.com\/wp-content\/uploads\/2023\/12\/LCR-Honda_preview_2024.jpg\",\"width\":470,\"height\":470},{\"@type\":\"BreadcrumbList\",\"@id\":\"https:\/\/www.sena.com\/es\/stories\/people\/lcr-honda\/#breadcrumb\",\"itemListElement\":[{\"@type\":\"ListItem\",\"position\":1,\"name\":\"Home\",\"item\":\"https:\/\/www.sena.com\/es\/\"},{\"@type\":\"ListItem\",\"position\":2,\"name\":\"LCR Honda\"}]},{\"@type\":\"WebSite\",\"@id\":\"https:\/\/www.sena.com\/#website\",\"url\":\"https:\/\/www.sena.com\/\",\"name\":\"SENA\",\"description\":\"\",\"publisher\":{\"@id\":\"https:\/\/www.sena.com\/#organization\"},\"potentialAction\":[{\"@type\":\"SearchAction\",\"target\":{\"@type\":\"EntryPoint\",\"urlTemplate\":\"https:\/\/www.sena.com\/?s={search_term_string}\"},\"query-input\":\"required name=search_term_string\"}],\"inLanguage\":\"es-ES\"},{\"@type\":\"Organization\",\"@id\":\"https:\/\/www.sena.com\/#organization\",\"name\":\"SENA\",\"url\":\"https:\/\/www.sena.com\/\",\"logo\":{\"@type\":\"ImageObject\",\"inLanguage\":\"es-ES\",\"@id\":\"https:\/\/www.sena.com\/#\/schema\/logo\/image\/\",\"url\":\"https:\/\/www.sena.com\/wp-content\/uploads\/2024\/03\/img_logo_red.svg\",\"contentUrl\":\"https:\/\/www.sena.com\/wp-content\/uploads\/2024\/03\/img_logo_red.svg\",\"width\":1,\"height\":1,\"caption\":\"SENA\"},\"image\":{\"@id\":\"https:\/\/www.sena.com\/#\/schema\/logo\/image\/\"},\"sameAs\":[\"https:\/\/www.facebook.com\/SenaBluetooth\",\"https:\/\/twitter.com\/senabluetooth\",\"https:\/\/www.instagram.com\/senabluetooth\/\",\"https:\/\/www.youtube.com\/senabluetooth\"]}]}<\/script>\n<!-- \/ Yoast SEO Premium plugin. -->","yoast_head_json":{"title":"Sena se asocia con LCR Honda que compite en MotoGP 2024 - SENA","description":"Sena se une al equipo LCR Honda junto a Johann Zarco y est\u00e1 listo para las pistas del Campeonato Mundial de MotoGP 2024.","robots":{"index":"index","follow":"follow","max-snippet":"max-snippet:-1","max-image-preview":"max-image-preview:large","max-video-preview":"max-video-preview:-1"},"canonical":"https:\/\/www.sena.com\/es\/stories\/people\/lcr-honda\/","og_locale":"es_ES","og_type":"article","og_title":"LCR Honda","og_description":"Sena se une al equipo LCR Honda junto a Johann Zarco y est\u00e1 listo para las pistas del Campeonato Mundial de MotoGP 2024.","og_url":"https:\/\/www.sena.com\/es\/stories\/people\/lcr-honda\/","og_site_name":"SENA","article_publisher":"https:\/\/www.facebook.com\/SenaBluetooth","article_modified_time":"2026-03-09T05:13:11+00:00","og_image":[{"width":470,"height":470,"url":"https:\/\/admin.sena.com\/wp-content\/uploads\/2023\/12\/LCR-Honda_preview_2024.jpg","type":"image\/jpeg"}],"twitter_card":"summary_large_image","twitter_site":"@senabluetooth","twitter_misc":{"Est. reading time":"2 minutes"},"schema":{"@context":"https:\/\/schema.org","@graph":[{"@type":"WebPage","@id":"https:\/\/www.sena.com\/es\/stories\/people\/lcr-honda\/","url":"https:\/\/www.sena.com\/es\/stories\/people\/lcr-honda\/","name":"Sena se asocia con LCR Honda que compite en MotoGP 2024 - SENA","isPartOf":{"@id":"https:\/\/www.sena.com\/#website"},"primaryImageOfPage":{"@id":"https:\/\/www.sena.com\/es\/stories\/people\/lcr-honda\/#primaryimage"},"image":{"@id":"https:\/\/www.sena.com\/es\/stories\/people\/lcr-honda\/#primaryimage"},"thumbnailUrl":"https:\/\/www.sena.com\/wp-content\/uploads\/2023\/12\/LCR-Honda_preview_2024.jpg","datePublished":"2024-03-25T07:43:22+00:00","dateModified":"2026-03-09T05:13:11+00:00","description":"Sena se une al equipo LCR Honda junto a Johann Zarco y est\u00e1 listo para las pistas del Campeonato Mundial de MotoGP 2024.","breadcrumb":{"@id":"https:\/\/www.sena.com\/es\/stories\/people\/lcr-honda\/#breadcrumb"},"inLanguage":"es-ES","potentialAction":[{"@type":"ReadAction","target":["https:\/\/www.sena.com\/es\/stories\/people\/lcr-honda\/"]}]},{"@type":"ImageObject","inLanguage":"es-ES","@id":"https:\/\/www.sena.com\/es\/stories\/people\/lcr-honda\/#primaryimage","url":"https:\/\/www.sena.com\/wp-content\/uploads\/2023\/12\/LCR-Honda_preview_2024.jpg","contentUrl":"https:\/\/www.sena.com\/wp-content\/uploads\/2023\/12\/LCR-Honda_preview_2024.jpg","width":470,"height":470},{"@type":"BreadcrumbList","@id":"https:\/\/www.sena.com\/es\/stories\/people\/lcr-honda\/#breadcrumb","itemListElement":[{"@type":"ListItem","position":1,"name":"Home","item":"https:\/\/www.sena.com\/es\/"},{"@type":"ListItem","position":2,"name":"LCR Honda"}]},{"@type":"WebSite","@id":"https:\/\/www.sena.com\/#website","url":"https:\/\/www.sena.com\/","name":"SENA","description":"","publisher":{"@id":"https:\/\/www.sena.com\/#organization"},"potentialAction":[{"@type":"SearchAction","target":{"@type":"EntryPoint","urlTemplate":"https:\/\/www.sena.com\/?s={search_term_string}"},"query-input":"required name=search_term_string"}],"inLanguage":"es-ES"},{"@type":"Organization","@id":"https:\/\/www.sena.com\/#organization","name":"SENA","url":"https:\/\/www.sena.com\/","logo":{"@type":"ImageObject","inLanguage":"es-ES","@id":"https:\/\/www.sena.com\/#\/schema\/logo\/image\/","url":"https:\/\/www.sena.com\/wp-content\/uploads\/2024\/03\/img_logo_red.svg","contentUrl":"https:\/\/www.sena.com\/wp-content\/uploads\/2024\/03\/img_logo_red.svg","width":1,"height":1,"caption":"SENA"},"image":{"@id":"https:\/\/www.sena.com\/#\/schema\/logo\/image\/"},"sameAs":["https:\/\/www.facebook.com\/SenaBluetooth","https:\/\/twitter.com\/senabluetooth","https:\/\/www.instagram.com\/senabluetooth\/","https:\/\/www.youtube.com\/senabluetooth"]}]}},"_links":{"self":[{"href":"https:\/\/www.sena.com\/es\/wp-json\/wp\/v2\/post_people\/28819"}],"collection":[{"href":"https:\/\/www.sena.com\/es\/wp-json\/wp\/v2\/post_people"}],"about":[{"href":"https:\/\/www.sena.com\/es\/wp-json\/wp\/v2\/types\/post_people"}],"wp:featuredmedia":[{"embeddable":true,"href":"https:\/\/www.sena.com\/es\/wp-json\/wp\/v2\/media\/31736"}],"wp:attachment":[{"href":"https:\/\/www.sena.com\/es\/wp-json\/wp\/v2\/media?parent=28819"}],"curies":[{"name":"wp","href":"https:\/\/api.w.org\/{rel}","templated":true}]}}